{"id":1741,"date":"2023-10-04T11:58:37","date_gmt":"2023-10-04T09:58:37","guid":{"rendered":"https:\/\/www.mediatech21.fr\/?p=1741"},"modified":"2023-10-04T12:01:48","modified_gmt":"2023-10-04T10:01:48","slug":"paix-et-fraternite-pratiques-catechetiques-pastorales","status":"publish","type":"post","link":"https:\/\/www.mediatech21.fr\/?p=1741","title":{"rendered":"Paix et fraternit\u00e9 : pratiques cat\u00e9ch\u00e9tiques pastorales"},"content":{"rendered":"\n<figure class=\"wp-block-image size-full\"><a href=\"https:\/\/www.mediatech21.fr\/wp-content\/uploads\/2023\/10\/LV_783.jpg\"><img decoding=\"async\" loading=\"lazy\" width=\"204\" height=\"302\" src=\"https:\/\/www.mediatech21.fr\/wp-content\/uploads\/2023\/10\/LV_783.jpg\" alt=\"\" class=\"wp-image-1742\" srcset=\"https:\/\/www.mediatech21.fr\/wp-content\/uploads\/2023\/10\/LV_783.jpg 204w, https:\/\/www.mediatech21.fr\/wp-content\/uploads\/2023\/10\/LV_783-203x300.jpg 203w\" sizes=\"(max-width: 204px) 100vw, 204px\" \/><\/a><\/figure>\n\n\n\n<p>Vivre dans la paix, travailler dans la paix, n&rsquo;est pas toujours simple aujourd&rsquo;hui !<\/p>\n\n\n\n<p>Le dernier num\u00e9ro de la revue Lumen Vitae vient d&rsquo;arriver au service M\u00e9diatech21.<\/p>\n\n\n\n<p>Il est rempli de belles id\u00e9es pour aider \u00e0 l&rsquo;\u00e9ducation \u00e0 la paix, notamment \u00e0 partir de Fratelli Tutti.<\/p>\n\n\n\n<p>N&rsquo;h\u00e9sitez pas \u00e0 venir l&#8217;emprunter au service pour votre groupes de cat\u00e9ch\u00e8se, aum\u00f4nerie, groupes de r\u00e9flexion, \u00e9quipes, services, etc&#8230;!<\/p>\n\n\n\n<p>Vous trouverez le <a rel=\"noreferrer noopener\" href=\"https:\/\/www.cairn.info\/revue-lumen-vitae-2023-3.htm\" target=\"_blank\">sommaire ici<\/a> <\/p>\n","protected":false},"excerpt":{"rendered":"<p>Vivre dans la paix, travailler dans la paix, n&rsquo;est pas toujours simple aujourd&rsquo;hui ! Le dernier num\u00e9ro de la revue Lumen Vitae vient d&rsquo;arriver au service M\u00e9diatech21. Il est rempli de belles id\u00e9es pour aider \u00e0 l&rsquo;\u00e9ducation \u00e0 la paix, notamment \u00e0 partir de Fratelli Tutti. N&rsquo;h\u00e9sitez pas \u00e0 venir l&#8217;emprunter au service pour votre &hellip; <\/p>\n<p><a class=\"more-link btn\" href=\"https:\/\/www.mediatech21.fr\/?p=1741\">Lire la suite<\/a><\/p>\n","protected":false},"author":1,"featured_media":0,"comment_status":"open","ping_status":"open","sticky":false,"template":"","format":"standard","meta":{"footnotes":""},"categories":[48,45,85,86,47,75],"tags":[],"_links":{"self":[{"href":"https:\/\/www.mediatech21.fr\/index.php?rest_route=\/wp\/v2\/posts\/1741"}],"collection":[{"href":"https:\/\/www.mediatech21.fr\/index.php?rest_route=\/wp\/v2\/posts"}],"about":[{"href":"https:\/\/www.mediatech21.fr\/index.php?rest_route=\/wp\/v2\/types\/post"}],"author":[{"embeddable":true,"href":"https:\/\/www.mediatech21.fr\/index.php?rest_route=\/wp\/v2\/users\/1"}],"replies":[{"embeddable":true,"href":"https:\/\/www.mediatech21.fr\/index.php?rest_route=%2Fwp%2Fv2%2Fcomments&post=1741"}],"version-history":[{"count":3,"href":"https:\/\/www.mediatech21.fr\/index.php?rest_route=\/wp\/v2\/posts\/1741\/revisions"}],"predecessor-version":[{"id":1746,"href":"https:\/\/www.mediatech21.fr\/index.php?rest_route=\/wp\/v2\/posts\/1741\/revisions\/1746"}],"wp:attachment":[{"href":"https:\/\/www.mediatech21.fr\/index.php?rest_route=%2Fwp%2Fv2%2Fmedia&parent=1741"}],"wp:term":[{"taxonomy":"category","embeddable":true,"href":"https:\/\/www.mediatech21.fr\/index.php?rest_route=%2Fwp%2Fv2%2Fcategories&post=1741"},{"taxonomy":"post_tag","embeddable":true,"href":"https:\/\/www.mediatech21.fr\/index.php?rest_route=%2Fwp%2Fv2%2Ftags&post=1741"}],"curies":[{"name":"wp","href":"https:\/\/api.w.org\/{rel}","templated":true}]}}