{"id":1590,"date":"2021-10-13T10:42:38","date_gmt":"2021-10-13T08:42:38","guid":{"rendered":"https:\/\/www.mediatech21.fr\/?p=1590"},"modified":"2021-10-13T10:42:42","modified_gmt":"2021-10-13T08:42:42","slug":"formations-catechese-aumonerie","status":"publish","type":"post","link":"https:\/\/www.mediatech21.fr\/?p=1590","title":{"rendered":"Formations cat\u00e9ch\u00e8se \/ aum\u00f4nerie"},"content":{"rendered":"\n<figure class=\"wp-block-image size-large is-resized\"><img decoding=\"async\" loading=\"lazy\" src=\"https:\/\/catechese.catholique.fr\/wp-content\/uploads\/sites\/15\/2018\/06\/Logo-Image-Pastorale-620x349.png\" alt=\"\" width=\"170\" height=\"95\"\/><\/figure>\n\n\n\n<p class=\"has-vivid-red-color has-text-color has-large-font-size\">Formation \u00e0 la m\u00e9thode des choeurs parl\u00e9s, le samedi 20 novembre 2021, de 9h30 \u00e0 17h, par Odile Branchet, de l&rsquo;Association Image et Pastorale, \u00e0 la maison dioc\u00e9saine de Dijon.<\/p>\n\n\n\n<figure class=\"wp-block-image size-large is-resized\"><img decoding=\"async\" loading=\"lazy\" src=\"https:\/\/www.laprocure.com\/cache\/couvertures\/9782706712388.jpg\" alt=\"\" width=\"104\" height=\"138\"\/><\/figure>\n\n\n\n<p class=\"has-vivid-red-color has-text-color has-large-font-size\">Formation \u00e0 la m\u00e9thode \u00ab\u00a0T&rsquo;es o\u00f9\u00a0\u00bb d&rsquo;Agn\u00e8s Charlemagne, un samedi de mars 2022, \u00e0 Dijon, en lien avec un \u00e9tablissement scolaire priv\u00e9 dijonnais.<\/p>\n\n\n\n<p class=\"has-vivid-red-color has-text-color has-large-font-size\">Pour plus d&rsquo;informations et pour les inscriptions, <a href=\"https:\/\/drive.google.com\/file\/d\/1XMzYFVTGlYvA6HHsQNqbpvD-joZf9qkz\/view?usp=sharing\" target=\"_blank\" rel=\"noreferrer noopener\">cliquez ici<\/a><\/p>\n","protected":false},"excerpt":{"rendered":"<p>Formation \u00e0 la m\u00e9thode des choeurs parl\u00e9s, le samedi 20 novembre 2021, de 9h30 \u00e0 17h, par Odile Branchet, de l&rsquo;Association Image et Pastorale, \u00e0 la maison dioc\u00e9saine de Dijon. Formation \u00e0 la m\u00e9thode \u00ab\u00a0T&rsquo;es o\u00f9\u00a0\u00bb d&rsquo;Agn\u00e8s Charlemagne, un samedi de mars 2022, \u00e0 Dijon, en lien avec un \u00e9tablissement scolaire priv\u00e9 dijonnais. Pour plus &hellip; <\/p>\n<p><a class=\"more-link btn\" href=\"https:\/\/www.mediatech21.fr\/?p=1590\">Lire la suite<\/a><\/p>\n","protected":false},"author":1,"featured_media":0,"comment_status":"open","ping_status":"open","sticky":false,"template":"","format":"standard","meta":{"footnotes":""},"categories":[48,78,45,47,80],"tags":[],"_links":{"self":[{"href":"https:\/\/www.mediatech21.fr\/index.php?rest_route=\/wp\/v2\/posts\/1590"}],"collection":[{"href":"https:\/\/www.mediatech21.fr\/index.php?rest_route=\/wp\/v2\/posts"}],"about":[{"href":"https:\/\/www.mediatech21.fr\/index.php?rest_route=\/wp\/v2\/types\/post"}],"author":[{"embeddable":true,"href":"https:\/\/www.mediatech21.fr\/index.php?rest_route=\/wp\/v2\/users\/1"}],"replies":[{"embeddable":true,"href":"https:\/\/www.mediatech21.fr\/index.php?rest_route=%2Fwp%2Fv2%2Fcomments&post=1590"}],"version-history":[{"count":1,"href":"https:\/\/www.mediatech21.fr\/index.php?rest_route=\/wp\/v2\/posts\/1590\/revisions"}],"predecessor-version":[{"id":1591,"href":"https:\/\/www.mediatech21.fr\/index.php?rest_route=\/wp\/v2\/posts\/1590\/revisions\/1591"}],"wp:attachment":[{"href":"https:\/\/www.mediatech21.fr\/index.php?rest_route=%2Fwp%2Fv2%2Fmedia&parent=1590"}],"wp:term":[{"taxonomy":"category","embeddable":true,"href":"https:\/\/www.mediatech21.fr\/index.php?rest_route=%2Fwp%2Fv2%2Fcategories&post=1590"},{"taxonomy":"post_tag","embeddable":true,"href":"https:\/\/www.mediatech21.fr\/index.php?rest_route=%2Fwp%2Fv2%2Ftags&post=1590"}],"curies":[{"name":"wp","href":"https:\/\/api.w.org\/{rel}","templated":true}]}}