{"id":1476,"date":"2021-05-19T11:56:39","date_gmt":"2021-05-19T09:56:39","guid":{"rendered":"http:\/\/www.mediatech21.fr\/?p=1476"},"modified":"2021-05-19T12:00:22","modified_gmt":"2021-05-19T10:00:22","slug":"bientot-la-fete-de-pentecote","status":"publish","type":"post","link":"https:\/\/www.mediatech21.fr\/?p=1476","title":{"rendered":"Bient\u00f4t la f\u00eate de Pentec\u00f4te !"},"content":{"rendered":"\n<figure class=\"wp-block-image size-large\"><a href=\"http:\/\/www.mediatech21.fr\/wp-content\/uploads\/2021\/05\/Esprit-Saint.jpg\"><img decoding=\"async\" loading=\"lazy\" width=\"400\" height=\"210\" src=\"http:\/\/www.mediatech21.fr\/wp-content\/uploads\/2021\/05\/Esprit-Saint.jpg\" alt=\"\" class=\"wp-image-1477\" srcset=\"https:\/\/www.mediatech21.fr\/wp-content\/uploads\/2021\/05\/Esprit-Saint.jpg 400w, https:\/\/www.mediatech21.fr\/wp-content\/uploads\/2021\/05\/Esprit-Saint-300x158.jpg 300w\" sizes=\"(max-width: 400px) 100vw, 400px\" \/><\/a><\/figure>\n\n\n\n<p>En ce temps de Pentec\u00f4te, je vous propose une <a rel=\"noreferrer noopener\" href=\"https:\/\/www.youtube.com\/watch?v=jyuqoFnjrmg\" target=\"_blank\">vid\u00e9o pr\u00e9sent\u00e9e par des dominicains<\/a> pour parler de l&rsquo;Esprit Saint avec des enfants. Vous trouverez sur cette page Youtube d&rsquo;autres vid\u00e9os pour parler de l&rsquo;Esprit Saint. N&rsquo;h\u00e9sitez pas \u00e0 vous en inspirer ou \u00e0 les utiliser pour en parler avec les jeunes.<\/p>\n\n\n\n<figure class=\"wp-block-image size-large\"><img decoding=\"async\" src=\"https:\/\/ci5.googleusercontent.com\/proxy\/jCSub_sr4uzLn7bLyiXMl5aE70yGY9hGtV3Dg14vvQV7BAunrr8Ct_EFKp4BrtQh8jb2IbdllSDBgP24iT4H6-uJiJ-ndw=s0-d-e1-ft#https:\/\/xn7i1.mjt.lu\/tplimg\/xn7i1\/b\/sur7r\/5mp7.jpeg\" alt=\"\"\/><\/figure>\n\n\n\n<p>Et voici <a rel=\"noreferrer noopener\" href=\"https:\/\/www.ktotv.com\/video\/00155178\/cest-quoi-la-confirmation\" target=\"_blank\">une autre vid\u00e9o, propos\u00e9e cette fois par KTO, pour expliquer la Confirmation<\/a><\/p>\n\n\n\n<figure class=\"wp-block-image size-large\"><img decoding=\"async\" src=\"https:\/\/www.bayardmusique.com\/cover\/hd\/1700\/chantons-en-eglise-24-chants-a-l-esprit-saint-collectif.jpg\" alt=\"\"\/><\/figure>\n\n\n\n<p>Vous trouverez dans ce CD ou sur le <a href=\"https:\/\/www.bayardmusique.com\/album\/1700\/chantons-en-eglise-24-chants-a-l-esprit-saint-collectif\" target=\"_blank\" rel=\"noreferrer noopener\">site de Chantons en Eglise<\/a> une s\u00e9lection de chants \u00e0 l&rsquo;Esprit-Saint<\/p>\n","protected":false},"excerpt":{"rendered":"<p>En ce temps de Pentec\u00f4te, je vous propose une vid\u00e9o pr\u00e9sent\u00e9e par des dominicains pour parler de l&rsquo;Esprit Saint avec des enfants. Vous trouverez sur cette page Youtube d&rsquo;autres vid\u00e9os pour parler de l&rsquo;Esprit Saint. N&rsquo;h\u00e9sitez pas \u00e0 vous en inspirer ou \u00e0 les utiliser pour en parler avec les jeunes. Et voici une autre &hellip; <\/p>\n<p><a class=\"more-link btn\" href=\"https:\/\/www.mediatech21.fr\/?p=1476\">Lire la suite<\/a><\/p>\n","protected":false},"author":1,"featured_media":0,"comment_status":"open","ping_status":"open","sticky":false,"template":"","format":"standard","meta":{"footnotes":""},"categories":[48,45,76],"tags":[],"_links":{"self":[{"href":"https:\/\/www.mediatech21.fr\/index.php?rest_route=\/wp\/v2\/posts\/1476"}],"collection":[{"href":"https:\/\/www.mediatech21.fr\/index.php?rest_route=\/wp\/v2\/posts"}],"about":[{"href":"https:\/\/www.mediatech21.fr\/index.php?rest_route=\/wp\/v2\/types\/post"}],"author":[{"embeddable":true,"href":"https:\/\/www.mediatech21.fr\/index.php?rest_route=\/wp\/v2\/users\/1"}],"replies":[{"embeddable":true,"href":"https:\/\/www.mediatech21.fr\/index.php?rest_route=%2Fwp%2Fv2%2Fcomments&post=1476"}],"version-history":[{"count":2,"href":"https:\/\/www.mediatech21.fr\/index.php?rest_route=\/wp\/v2\/posts\/1476\/revisions"}],"predecessor-version":[{"id":1480,"href":"https:\/\/www.mediatech21.fr\/index.php?rest_route=\/wp\/v2\/posts\/1476\/revisions\/1480"}],"wp:attachment":[{"href":"https:\/\/www.mediatech21.fr\/index.php?rest_route=%2Fwp%2Fv2%2Fmedia&parent=1476"}],"wp:term":[{"taxonomy":"category","embeddable":true,"href":"https:\/\/www.mediatech21.fr\/index.php?rest_route=%2Fwp%2Fv2%2Fcategories&post=1476"},{"taxonomy":"post_tag","embeddable":true,"href":"https:\/\/www.mediatech21.fr\/index.php?rest_route=%2Fwp%2Fv2%2Ftags&post=1476"}],"curies":[{"name":"wp","href":"https:\/\/api.w.org\/{rel}","templated":true}]}}