{"id":1452,"date":"2021-04-12T17:57:42","date_gmt":"2021-04-12T15:57:42","guid":{"rendered":"http:\/\/www.mediatech21.fr\/?p=1452"},"modified":"2021-04-12T17:57:46","modified_gmt":"2021-04-12T15:57:46","slug":"cahier-de-vacances-special-grands-parents","status":"publish","type":"post","link":"https:\/\/www.mediatech21.fr\/?p=1452","title":{"rendered":"Cahier de vacances sp\u00e9cial grands-parents"},"content":{"rendered":"\n<div class=\"wp-block-image\"><figure class=\"alignright size-large is-resized\"><img decoding=\"async\" loading=\"lazy\" src=\"https:\/\/www.grand-mercredi.com\/wp-content\/uploads\/2021\/04\/ARTICLE-NL-06.04.21.jpg\" alt=\"\" width=\"276\" height=\"276\"\/><\/figure><\/div>\n\n\n\n<p>Crise sanitaire oblige, vous voil\u00e0 r\u00e9quisitionn\u00e9s pour garder et occuper vos petits-enfants&#8230; Voici de quoi les occuper et passer de bons moments ensemble et de fa\u00e7on intelligente et int\u00e9ressante !<\/p>\n\n\n\n<p>Alors n&rsquo;h\u00e9sitez pas \u00e0 l<a rel=\"noreferrer noopener\" href=\"https:\/\/drive.google.com\/file\/d\/1XdjdP8DQw6UKAkk9j0Xe3Bp5pm3jGkfI\/view?usp=sharing\" target=\"_blank\">&lsquo;imprimer en cliquan<\/a><a href=\"https:\/\/drive.google.com\/file\/d\/1XdjdP8DQw6UKAkk9j0Xe3Bp5pm3jGkfI\/view?usp=sharing\" target=\"_blank\" rel=\"noreferrer noopener\">t<\/a><a rel=\"noreferrer noopener\" href=\"https:\/\/drive.google.com\/file\/d\/1XdjdP8DQw6UKAkk9j0Xe3Bp5pm3jGkfI\/view?usp=sharing\" target=\"_blank\"> ici <\/a>et passez de belles vacances ensemble !<\/p>\n","protected":false},"excerpt":{"rendered":"<p>Crise sanitaire oblige, vous voil\u00e0 r\u00e9quisitionn\u00e9s pour garder et occuper vos petits-enfants&#8230; Voici de quoi les occuper et passer de bons moments ensemble et de fa\u00e7on intelligente et int\u00e9ressante ! Alors n&rsquo;h\u00e9sitez pas \u00e0 l&lsquo;imprimer en cliquant ici et passez de belles vacances ensemble !<\/p>\n","protected":false},"author":1,"featured_media":0,"comment_status":"open","ping_status":"open","sticky":false,"template":"","format":"standard","meta":{"footnotes":""},"categories":[72,66],"tags":[],"_links":{"self":[{"href":"https:\/\/www.mediatech21.fr\/index.php?rest_route=\/wp\/v2\/posts\/1452"}],"collection":[{"href":"https:\/\/www.mediatech21.fr\/index.php?rest_route=\/wp\/v2\/posts"}],"about":[{"href":"https:\/\/www.mediatech21.fr\/index.php?rest_route=\/wp\/v2\/types\/post"}],"author":[{"embeddable":true,"href":"https:\/\/www.mediatech21.fr\/index.php?rest_route=\/wp\/v2\/users\/1"}],"replies":[{"embeddable":true,"href":"https:\/\/www.mediatech21.fr\/index.php?rest_route=%2Fwp%2Fv2%2Fcomments&post=1452"}],"version-history":[{"count":2,"href":"https:\/\/www.mediatech21.fr\/index.php?rest_route=\/wp\/v2\/posts\/1452\/revisions"}],"predecessor-version":[{"id":1454,"href":"https:\/\/www.mediatech21.fr\/index.php?rest_route=\/wp\/v2\/posts\/1452\/revisions\/1454"}],"wp:attachment":[{"href":"https:\/\/www.mediatech21.fr\/index.php?rest_route=%2Fwp%2Fv2%2Fmedia&parent=1452"}],"wp:term":[{"taxonomy":"category","embeddable":true,"href":"https:\/\/www.mediatech21.fr\/index.php?rest_route=%2Fwp%2Fv2%2Fcategories&post=1452"},{"taxonomy":"post_tag","embeddable":true,"href":"https:\/\/www.mediatech21.fr\/index.php?rest_route=%2Fwp%2Fv2%2Ftags&post=1452"}],"curies":[{"name":"wp","href":"https:\/\/api.w.org\/{rel}","templated":true}]}}