{"id":1447,"date":"2021-04-07T10:54:32","date_gmt":"2021-04-07T08:54:32","guid":{"rendered":"http:\/\/www.mediatech21.fr\/?p=1447"},"modified":"2021-04-07T10:54:35","modified_gmt":"2021-04-07T08:54:35","slug":"continuer-la-catechese-en-cette-nouvelle-periode-de-restrictions-sanitaires-strictes","status":"publish","type":"post","link":"https:\/\/www.mediatech21.fr\/?p=1447","title":{"rendered":"Continuer la cat\u00e9ch\u00e8se en cette nouvelle p\u00e9riode de restrictions sanitaires strictes"},"content":{"rendered":"\n<div class=\"wp-block-image\"><figure class=\"alignright size-large is-resized\"><img decoding=\"async\" loading=\"lazy\" src=\"https:\/\/catechese.catholique.fr\/wp-content\/uploads\/sites\/15\/cache\/2020\/03\/ciric_376712\/3910755015.jpg\" alt=\"\" width=\"391\" height=\"221\"\/><\/figure><\/div>\n\n\n\n<p><a rel=\"noreferrer noopener\" href=\"https:\/\/catechese.catholique.fr\/actualites-initiatives\/actualites\/315342-crise-sanitaire-confinement-quand-seigneur\/\" target=\"_blank\">Le SNCC vous accompagne dans ce temps difficile de cat\u00e9ch\u00e8se \u00e0 distance<\/a>, en vous proposant divers outils ou id\u00e9es glan\u00e9es \u00e0 travers les dioc\u00e8ses ou internet.<\/p>\n\n\n\n<p>Vous pouvez \u00e9galement aller sur <a rel=\"noreferrer noopener\" href=\"http:\/\/www.mediatech21.fr\/?page_id=102\" target=\"_blank\">la page des sites internet utiles de notre blog<\/a> pour trouver des ressources p\u00e9dagogiques int\u00e9ressantes.<\/p>\n\n\n\n<p>N&rsquo;h\u00e9sitez pas \u00e0 en profiter !<\/p>\n\n\n\n<p>Voici \u00e9galement le<a href=\"https:\/\/drive.google.com\/file\/d\/10WNNM_lnM9bXFtFOCmeUJGYrBz3Z4dq7\/view?usp=sharing\" target=\"_blank\" rel=\"noreferrer noopener\"> t\u00e9moignage d&rsquo;une responsable de la cat\u00e9ch\u00e8se dans une paroisse du dioc\u00e8se de Dijon<\/a> qui a mis en place, d\u00e8s le premier confinement, des s\u00e9ances de cat\u00e9ch\u00e8se \u00e0 distance et qui visiblement, y trouve beaucoup de points positifs !<\/p>\n","protected":false},"excerpt":{"rendered":"<p>Le SNCC vous accompagne dans ce temps difficile de cat\u00e9ch\u00e8se \u00e0 distance, en vous proposant divers outils ou id\u00e9es glan\u00e9es \u00e0 travers les dioc\u00e8ses ou internet. Vous pouvez \u00e9galement aller sur la page des sites internet utiles de notre blog pour trouver des ressources p\u00e9dagogiques int\u00e9ressantes. N&rsquo;h\u00e9sitez pas \u00e0 en profiter ! Voici \u00e9galement le &hellip; <\/p>\n<p><a class=\"more-link btn\" href=\"https:\/\/www.mediatech21.fr\/?p=1447\">Lire la suite<\/a><\/p>\n","protected":false},"author":1,"featured_media":0,"comment_status":"open","ping_status":"open","sticky":false,"template":"","format":"standard","meta":{"footnotes":""},"categories":[48,45,72,70],"tags":[],"_links":{"self":[{"href":"https:\/\/www.mediatech21.fr\/index.php?rest_route=\/wp\/v2\/posts\/1447"}],"collection":[{"href":"https:\/\/www.mediatech21.fr\/index.php?rest_route=\/wp\/v2\/posts"}],"about":[{"href":"https:\/\/www.mediatech21.fr\/index.php?rest_route=\/wp\/v2\/types\/post"}],"author":[{"embeddable":true,"href":"https:\/\/www.mediatech21.fr\/index.php?rest_route=\/wp\/v2\/users\/1"}],"replies":[{"embeddable":true,"href":"https:\/\/www.mediatech21.fr\/index.php?rest_route=%2Fwp%2Fv2%2Fcomments&post=1447"}],"version-history":[{"count":1,"href":"https:\/\/www.mediatech21.fr\/index.php?rest_route=\/wp\/v2\/posts\/1447\/revisions"}],"predecessor-version":[{"id":1448,"href":"https:\/\/www.mediatech21.fr\/index.php?rest_route=\/wp\/v2\/posts\/1447\/revisions\/1448"}],"wp:attachment":[{"href":"https:\/\/www.mediatech21.fr\/index.php?rest_route=%2Fwp%2Fv2%2Fmedia&parent=1447"}],"wp:term":[{"taxonomy":"category","embeddable":true,"href":"https:\/\/www.mediatech21.fr\/index.php?rest_route=%2Fwp%2Fv2%2Fcategories&post=1447"},{"taxonomy":"post_tag","embeddable":true,"href":"https:\/\/www.mediatech21.fr\/index.php?rest_route=%2Fwp%2Fv2%2Ftags&post=1447"}],"curies":[{"name":"wp","href":"https:\/\/api.w.org\/{rel}","templated":true}]}}