{"id":1437,"date":"2021-04-07T09:38:15","date_gmt":"2021-04-07T07:38:15","guid":{"rendered":"http:\/\/www.mediatech21.fr\/?p=1437"},"modified":"2021-04-07T09:54:59","modified_gmt":"2021-04-07T07:54:59","slug":"formation-a-distance-reseau-eveil-a-la-foi-petite-enfance-famille-vie-spirituelle-des-familles-et-communautes-chretiennes","status":"publish","type":"post","link":"https:\/\/www.mediatech21.fr\/?p=1437","title":{"rendered":"Formation \u00e0 distance : R\u00e9seau Eveil \u00e0 la foi, petite enfance, famille : Vie spirituelle des familles et communaut\u00e9s chr\u00e9tiennes"},"content":{"rendered":"\n<p><span class=\"has-inline-color has-black-color\"><a rel=\"noreferrer noopener\" href=\"https:\/\/catechese.catholique.fr\/actualites-initiatives\/agenda\/312706-session-reseau-eveil-a-foi-espace-familial-petite-enfance-famille-premier-lieu-devangelisation\/\" target=\"_blank\">Le SNCC organise une formation <\/a>\u00e0 destination des membres des services dioc\u00e9sains de la cat\u00e9ch\u00e8se et du cat\u00e9chum\u00e9nat, plus particuli\u00e8rement les personnes charg\u00e9es de l\u2019\u00e9veil \u00e0 la foi, de la cat\u00e9ch\u00e8se des jeunes parents et dans l\u2019espace familial ; et aux membres de services dioc\u00e9sains qui accompagnent les familles, et sont appel\u00e9s \u00e0 collaborer avec les acteurs de l\u2019\u00e9veil \u00e0 la foi (pastorale des familles, liturgie, &#8230;)<\/span><\/p>\n","protected":false},"excerpt":{"rendered":"<p>Le SNCC organise une formation \u00e0 destination des membres des services dioc\u00e9sains de la cat\u00e9ch\u00e8se et du cat\u00e9chum\u00e9nat, plus particuli\u00e8rement les personnes charg\u00e9es de l\u2019\u00e9veil \u00e0 la foi, de la cat\u00e9ch\u00e8se des jeunes parents et dans l\u2019espace familial ; et aux membres de services dioc\u00e9sains qui accompagnent les familles, et sont appel\u00e9s \u00e0 collaborer avec &hellip; <\/p>\n<p><a class=\"more-link btn\" href=\"https:\/\/www.mediatech21.fr\/?p=1437\">Lire la suite<\/a><\/p>\n","protected":false},"author":1,"featured_media":0,"comment_status":"open","ping_status":"open","sticky":false,"template":"","format":"standard","meta":{"footnotes":""},"categories":[70,47],"tags":[],"_links":{"self":[{"href":"https:\/\/www.mediatech21.fr\/index.php?rest_route=\/wp\/v2\/posts\/1437"}],"collection":[{"href":"https:\/\/www.mediatech21.fr\/index.php?rest_route=\/wp\/v2\/posts"}],"about":[{"href":"https:\/\/www.mediatech21.fr\/index.php?rest_route=\/wp\/v2\/types\/post"}],"author":[{"embeddable":true,"href":"https:\/\/www.mediatech21.fr\/index.php?rest_route=\/wp\/v2\/users\/1"}],"replies":[{"embeddable":true,"href":"https:\/\/www.mediatech21.fr\/index.php?rest_route=%2Fwp%2Fv2%2Fcomments&post=1437"}],"version-history":[{"count":2,"href":"https:\/\/www.mediatech21.fr\/index.php?rest_route=\/wp\/v2\/posts\/1437\/revisions"}],"predecessor-version":[{"id":1442,"href":"https:\/\/www.mediatech21.fr\/index.php?rest_route=\/wp\/v2\/posts\/1437\/revisions\/1442"}],"wp:attachment":[{"href":"https:\/\/www.mediatech21.fr\/index.php?rest_route=%2Fwp%2Fv2%2Fmedia&parent=1437"}],"wp:term":[{"taxonomy":"category","embeddable":true,"href":"https:\/\/www.mediatech21.fr\/index.php?rest_route=%2Fwp%2Fv2%2Fcategories&post=1437"},{"taxonomy":"post_tag","embeddable":true,"href":"https:\/\/www.mediatech21.fr\/index.php?rest_route=%2Fwp%2Fv2%2Ftags&post=1437"}],"curies":[{"name":"wp","href":"https:\/\/api.w.org\/{rel}","templated":true}]}}